{"id":8645,"date":"2026-01-14T14:00:34","date_gmt":"2026-01-14T07:30:34","guid":{"rendered":"https:\/\/moemaka.net\/eng\/?p=8645"},"modified":"2026-01-14T14:00:34","modified_gmt":"2026-01-14T07:30:34","slug":"myanmar-at-the-icj-over-the-rohingya-genocide","status":"publish","type":"post","link":"https:\/\/moemaka.net\/eng\/2026\/01\/myanmar-at-the-icj-over-the-rohingya-genocide\/","title":{"rendered":"Myanmar at the ICJ over the Rohingya Genocide"},"content":{"rendered":"\n<figure class=\"wp-block-image size-full\"><a href=\"https:\/\/moemaka.net\/eng\/wp-content\/uploads\/2026\/01\/image-10.png\"><img loading=\"lazy\" decoding=\"async\" width=\"935\" height=\"642\" src=\"https:\/\/moemaka.net\/eng\/wp-content\/uploads\/2026\/01\/image-10.png\" alt=\"\" class=\"wp-image-8646\" srcset=\"https:\/\/moemaka.net\/eng\/wp-content\/uploads\/2026\/01\/image-10.png 935w, https:\/\/moemaka.net\/eng\/wp-content\/uploads\/2026\/01\/image-10-300x206.png 300w, https:\/\/moemaka.net\/eng\/wp-content\/uploads\/2026\/01\/image-10-768x527.png 768w, https:\/\/moemaka.net\/eng\/wp-content\/uploads\/2026\/01\/image-10-560x385.png 560w, https:\/\/moemaka.net\/eng\/wp-content\/uploads\/2026\/01\/image-10-260x179.png 260w, https:\/\/moemaka.net\/eng\/wp-content\/uploads\/2026\/01\/image-10-160x110.png 160w\" sizes=\"auto, (max-width: 935px) 100vw, 935px\" \/><\/a><\/figure>\n\n\n\n<p>Myanmar Spring Chronicle \u2013 January 13 Snapshot<br>January 14, 2026<\/p>\n\n\n\n<p>Myanmar at the ICJ over the Rohingya Genocide<\/p>\n\n\n\n<p>In connection with the genocide committed by Myanmar\u2019s armed forces in northern Rakhine State during August and September 2017, the African country of The Gambia filed a case against Myanmar at the International Court of Justice (ICJ). The Court held admissibility and preliminary hearings twice, in December 2019 and February 2022, and is now conducting the main hearings in January 2026.<\/p>\n\n\n\n<p>There are two international courts in the world. The first is the International Court of Justice (ICJ), which is linked to the United Nations and has jurisdiction over disputes involving UN member states. The second is the International Criminal Court (ICC). The ICC is not part of the UN system and has jurisdiction only over states that are parties to the Rome Statute.<\/p>\n\n\n\n<p>By its nature, the ICJ hears cases brought against states, meaning the responsibility lies with governments as such. The ICC, by contrast, prosecutes individuals. In addition, special international criminal tribunals\u2014such as an \u201cInternational Criminal Tribunal for \u2026\u201d\u2014can be established by UN Security Council resolutions to prosecute individuals. A well-known precedent is the tribunal for the former Yugoslavia, which prosecuted those responsible for war crimes and genocide committed in regions such as Serbia, Croatia, and Bosnia, including former Serbian President Slobodan Milo\u0161evi\u0107, former Bosnian Serb leader Radovan Karad\u017ei\u0107, Serbian military commander Ratko Mladi\u0107, and many others. These tribunals\u2014such as the International Criminal Tribunal for the former Yugoslavia (ICTY), created by the UN Security Council\u2014are ad hoc courts established for specific situations and have the authority to prosecute individuals.<\/p>\n\n\n\n<p>With regard to the genocide and war crimes committed against the Rohingya minority in northern Rakhine State in 2017, the case is not being heard by a special ad hoc tribunal like that for the former Yugoslavia. Rather, it is a case brought against a state before a standing court, the ICJ.<\/p>\n\n\n\n<p>In November 2017, The Gambia filed the case against Myanmar as the applicant state over the Rohingya genocide. At the time the alleged genocide occurred, Myanmar\u2019s government was led by President U Htin Kyaw, State Counsellor Daw Aung San Suu Kyi, and Commander-in-Chief of the Defence Services Min Aung Hlaing. When the case was filed, however, the president was U Win Myint.<\/p>\n\n\n\n<p>In December 2019, Daw Aung San Suu Kyi\u2014then State Counsellor and also responsible for foreign affairs\u2014led Myanmar\u2019s delegation to The Hague to present the country\u2019s defense at the first hearing.<\/p>\n\n\n\n<p>Following the initial hearings in December 2019, during which The Gambia presented its application and Myanmar submitted its counter-arguments, the ICJ issued provisional measures in January 2020, ordering Myanmar to take steps to protect the Rohingya. At the first hearing, the Myanmar delegation led by Daw Aung San Suu Kyi submitted arguments rejecting the allegation of genocide. In essence, Myanmar denied the charge of genocide, arguing that while the military may have used force and that war crimes might possibly have occurred, the actions did not amount to genocide.<\/p>\n\n\n\n<p>Daw Aung San Suu Kyi\u2019s personal appearance at the ICJ on Myanmar\u2019s behalf drew criticism from some international and domestic political and human rights activists, who viewed it as a grave mistake. They argued that there was no need to shield the military from responsibility and called for the truth about what happened in northern Rakhine State to be brought to light. Many Western governments and institutions subsequently revoked awards and honors that had been bestowed on Daw Aung San Suu Kyi.<\/p>\n\n\n\n<p>After the military coup in 2021, while Daw Aung San Suu Kyi was detained, the National Unity Government (NUG)\u2014formed by the NLD and many lawmakers elected in the 2020 election\u2014announced that it was withdrawing the defense submitted by Daw Aung San Suu Kyi to the ICJ in 2019. Ahead of the second hearing in early 2022, the NUG also sent a letter to the ICJ stating that only the NUG represented Myanmar and urging the Court not to recognize the coup regime. However, because the case is against the state of Myanmar, the ICJ accepted and heard submissions only from the delegation sent by the military regime, which it treated as the de facto government.<\/p>\n\n\n\n<p>Some observers found it difficult to understand statements by the NUG indicating that it would represent Myanmar at the ICJ. They argued that civilian government members who were not military generals had not fully known the truth of what happened during the 2017 northern Rakhine operations before the coup, and that they should learn lessons from having defended the military. They further contended that in the second hearing in 2022, responsibility for killings, sexual violence, arson, and the destruction of villages lay solely with the military, and that there was no need for the NUG to intervene in defense in a case already filed. Even if the intention was not to defend the military but to seek international recognition as the legitimate government, critics argued that in a case like this, responsibility lay with the military that committed the crimes, and there was no need for the NUG to step in.<\/p>\n\n\n\n<p>After the initial hearing in 2019 and the second hearing in 2022, the hearings at the beginning of 2026 constitute the core phase of the case and are expected to be the longest in duration. Witness testimony will be heard, and some legal experts involved in the case have commented that the Court may issue a judgment following the conclusion of these hearings.<\/p>\n\n\n\n<p>If the Court were to rule that Myanmar committed genocide, it would leave a deep stain on the country\u2019s history and have long-lasting consequences. A finding of responsibility for genocide could have diplomatic and international repercussions not only for the state but also for those who bore responsibility, gave orders, or directly participated in the crimes.<\/p>\n\n\n\n<p>Because there is currently no clear prospect of establishing a special tribunal like the ICTY\u2014where arrest warrants were issued against those responsible for genocide in the former Yugoslavia\u2014for the Rohingya genocide in Myanmar, there is, for now, no immediate, concrete threat that Myanmar\u2019s military leaders will be arrested in practice.<\/p>\n","protected":false},"excerpt":{"rendered":"<p>Myanmar Spring Chronicle \u2013 January 13 SnapshotJanuary 14, 2026 Myanmar at the ICJ over the Rohingya Genocide In connection with the genocide committed by Myanmar\u2019s armed forces in northern Rakhine State during August and September 2017, the African country of&hellip;<\/p>\n<p class=\"more-link-p\"><a class=\"more-link\" href=\"https:\/\/moemaka.net\/eng\/2026\/01\/myanmar-at-the-icj-over-the-rohingya-genocide\/\">Read more &rarr;<\/a><\/p>\n","protected":false},"author":4,"featured_media":8646,"comment_status":"open","ping_status":"open","sticky":false,"template":"","format":"standard","meta":{"advanced_seo_description":"","jetpack_seo_html_title":"","jetpack_seo_noindex":false,"jetpack_post_was_ever_published":false,"_jetpack_newsletter_access":"","_jetpack_dont_email_post_to_subs":false,"_jetpack_newsletter_tier_id":0,"_jetpack_memberships_contains_paywalled_content":false,"_jetpack_memberships_contains_paid_content":false,"footnotes":"","jetpack_publicize_message":"","jetpack_publicize_feature_enabled":true,"jetpack_social_post_already_shared":true,"jetpack_social_options":{"image_generator_settings":{"template":"highway","default_image_id":0,"font":"","enabled":false},"version":2}},"categories":[9,58],"tags":[100],"class_list":["post-8645","post","type-post","status-publish","format-standard","has-post-thumbnail","hentry","category-current","category-features","tag-myanmar-spring-revolution"],"jetpack_publicize_connections":[],"jetpack_featured_media_url":"https:\/\/moemaka.net\/eng\/wp-content\/uploads\/2026\/01\/image-10.png","jetpack_shortlink":"https:\/\/wp.me\/p3RDLm-2fr","jetpack_sharing_enabled":true,"_links":{"self":[{"href":"https:\/\/moemaka.net\/eng\/wp-json\/wp\/v2\/posts\/8645","targetHints":{"allow":["GET"]}}],"collection":[{"href":"https:\/\/moemaka.net\/eng\/wp-json\/wp\/v2\/posts"}],"about":[{"href":"https:\/\/moemaka.net\/eng\/wp-json\/wp\/v2\/types\/post"}],"author":[{"embeddable":true,"href":"https:\/\/moemaka.net\/eng\/wp-json\/wp\/v2\/users\/4"}],"replies":[{"embeddable":true,"href":"https:\/\/moemaka.net\/eng\/wp-json\/wp\/v2\/comments?post=8645"}],"version-history":[{"count":1,"href":"https:\/\/moemaka.net\/eng\/wp-json\/wp\/v2\/posts\/8645\/revisions"}],"predecessor-version":[{"id":8647,"href":"https:\/\/moemaka.net\/eng\/wp-json\/wp\/v2\/posts\/8645\/revisions\/8647"}],"wp:featuredmedia":[{"embeddable":true,"href":"https:\/\/moemaka.net\/eng\/wp-json\/wp\/v2\/media\/8646"}],"wp:attachment":[{"href":"https:\/\/moemaka.net\/eng\/wp-json\/wp\/v2\/media?parent=8645"}],"wp:term":[{"taxonomy":"category","embeddable":true,"href":"https:\/\/moemaka.net\/eng\/wp-json\/wp\/v2\/categories?post=8645"},{"taxonomy":"post_tag","embeddable":true,"href":"https:\/\/moemaka.net\/eng\/wp-json\/wp\/v2\/tags?post=8645"}],"curies":[{"name":"wp","href":"https:\/\/api.w.org\/{rel}","templated":true}]}}